{"id":1274,"date":"2016-11-30T15:56:44","date_gmt":"2016-11-30T18:56:44","guid":{"rendered":"http:\/\/archivopatrimonial.usach.cl\/arquitectura\/?p=1274"},"modified":"2018-05-16T15:07:22","modified_gmt":"2018-05-16T19:07:22","slug":"remodelacion-casa-central-universidad-de-santiago-de-chile-tras-terremoto-de-1985","status":"publish","type":"post","link":"https:\/\/archivopatrimonial.usach.cl\/arquitectura\/?p=1274","title":{"rendered":"Remodelaci\u00f3n Casa Central Universidad de Santiago de Chile tras terremoto de 1985"},"content":{"rendered":"<p class=\"first\">Tras el sismo ocurrido el 3 de marzo de 1985, el edificio de Casa Central de la Universidad de Santiago presenta grandes da\u00f1os estructurales. Con sus 37000 m2 y cinco niveles, en 1986 se realiza concurso para su reparaci\u00f3n y reconstrucci\u00f3n en tres fases:<\/p>\n<p><!--moreSeguir leyendo--><br \/>\n-Eliminaci\u00f3n de revestimientos y terminaciones deterioradas<br \/>\n-Refuerzos estructurales<br \/>\n-Terminaciones finales<\/p>\n<p>Tanto el programa, dise\u00f1o y control de ejecuci\u00f3n fue realizado por profesionales de la unidad de Construcciones Civiles.<\/p>\n<p>FICHA T\u00c9CNICA<br \/>\n-Realizaci\u00f3n<br \/>\nDirecci\u00f3n de Comunicaciones<\/p>\n<p>-Locuci\u00f3n<br \/>\nCarlos Mu\u00f1oz<\/p>\n<p>-Fotograf\u00edas<br \/>\nLeonardo Moraga<\/p>\n<p>-C\u00e1maras<br \/>\nManuel Nu\u00f1ez<\/p>\n<p>-Direcci\u00f3n Rodrigo Argomedo<br \/>\nVicerrectoria de administraci\u00f3n y finanza<\/p>\n","protected":false},"excerpt":{"rendered":"<p>Tras el sismo ocurrido el 3 de marzo de 1985, el edificio de Casa Central de la Universidad de Santiago presenta grandes da\u00f1os estructurales. Con sus 37000 m2 y cinco niveles, en 1986 se realiza concurso para su reparaci\u00f3n y reconstrucci\u00f3n en tres fases:<\/p>\n","protected":false},"author":1,"featured_media":1275,"comment_status":"closed","ping_status":"closed","sticky":false,"template":"","format":"video","meta":{"_exactmetrics_skip_tracking":false,"_exactmetrics_sitenote_active":false,"_exactmetrics_sitenote_note":"","_exactmetrics_sitenote_category":0,"footnotes":""},"categories":[8],"tags":[],"class_list":["post-1274","post","type-post","status-publish","format-video","has-post-thumbnail","hentry","category-audiovisual","post_format-post-format-video"],"_links":{"self":[{"href":"https:\/\/archivopatrimonial.usach.cl\/arquitectura\/index.php?rest_route=\/wp\/v2\/posts\/1274"}],"collection":[{"href":"https:\/\/archivopatrimonial.usach.cl\/arquitectura\/index.php?rest_route=\/wp\/v2\/posts"}],"about":[{"href":"https:\/\/archivopatrimonial.usach.cl\/arquitectura\/index.php?rest_route=\/wp\/v2\/types\/post"}],"author":[{"embeddable":true,"href":"https:\/\/archivopatrimonial.usach.cl\/arquitectura\/index.php?rest_route=\/wp\/v2\/users\/1"}],"replies":[{"embeddable":true,"href":"https:\/\/archivopatrimonial.usach.cl\/arquitectura\/index.php?rest_route=%2Fwp%2Fv2%2Fcomments&post=1274"}],"version-history":[{"count":6,"href":"https:\/\/archivopatrimonial.usach.cl\/arquitectura\/index.php?rest_route=\/wp\/v2\/posts\/1274\/revisions"}],"predecessor-version":[{"id":1388,"href":"https:\/\/archivopatrimonial.usach.cl\/arquitectura\/index.php?rest_route=\/wp\/v2\/posts\/1274\/revisions\/1388"}],"wp:featuredmedia":[{"embeddable":true,"href":"https:\/\/archivopatrimonial.usach.cl\/arquitectura\/index.php?rest_route=\/wp\/v2\/media\/1275"}],"wp:attachment":[{"href":"https:\/\/archivopatrimonial.usach.cl\/arquitectura\/index.php?rest_route=%2Fwp%2Fv2%2Fmedia&parent=1274"}],"wp:term":[{"taxonomy":"category","embeddable":true,"href":"https:\/\/archivopatrimonial.usach.cl\/arquitectura\/index.php?rest_route=%2Fwp%2Fv2%2Fcategories&post=1274"},{"taxonomy":"post_tag","embeddable":true,"href":"https:\/\/archivopatrimonial.usach.cl\/arquitectura\/index.php?rest_route=%2Fwp%2Fv2%2Ftags&post=1274"}],"curies":[{"name":"wp","href":"https:\/\/api.w.org\/{rel}","templated":true}]}}