{"id":701,"date":"2017-09-01T09:44:10","date_gmt":"2017-09-01T12:44:10","guid":{"rendered":"http:\/\/archivopatrimonial.usach.cl\/deporte\/?p=701"},"modified":"2018-05-16T15:03:28","modified_gmt":"2018-05-16T19:03:28","slug":"andinista-claudio-galvez-en-expedicion-pamir-1992","status":"publish","type":"post","link":"https:\/\/archivopatrimonial.usach.cl\/deporte\/?p=701","title":{"rendered":"Expedici\u00f3n Pamir, 1992"},"content":{"rendered":"<p>Video que relata la traves\u00eda realizada en 1992 por la Rama de Andinismo de la Universidad de Santiago y que la convirti\u00f3 en la primera expedici\u00f3n chilena y latinoamericana en alcanzar la cima m\u00e1s alta de la cordillera del Pamir en Rusia, el monte Ismael Samani (ex monte Comunismo) de 7495 msnm.<\/p>\n","protected":false},"excerpt":{"rendered":"<p>Video que relata la traves\u00eda realizada en 1992 por la Rama de Andinismo de la Universidad de Santiago y que la convirti\u00f3 en la primera expedici\u00f3n chilena y latinoamericana en alcanzar la cima m\u00e1s alta de la cordillera del Pamir en Rusia, el monte Ismael Samani (ex monte Comunismo) de 7495 msnm.<\/p>\n","protected":false},"author":1,"featured_media":704,"comment_status":"closed","ping_status":"closed","sticky":false,"template":"","format":"video","meta":{"_exactmetrics_skip_tracking":false,"_exactmetrics_sitenote_active":false,"_exactmetrics_sitenote_note":"","_exactmetrics_sitenote_category":0,"_monsterinsights_skip_tracking":false,"_monsterinsights_sitenote_active":false,"_monsterinsights_sitenote_note":"","_monsterinsights_sitenote_category":0,"footnotes":""},"categories":[8],"tags":[],"class_list":["post-701","post","type-post","status-publish","format-video","has-post-thumbnail","hentry","category-audiovisual","post_format-post-format-video"],"_links":{"self":[{"href":"https:\/\/archivopatrimonial.usach.cl\/deporte\/index.php?rest_route=\/wp\/v2\/posts\/701"}],"collection":[{"href":"https:\/\/archivopatrimonial.usach.cl\/deporte\/index.php?rest_route=\/wp\/v2\/posts"}],"about":[{"href":"https:\/\/archivopatrimonial.usach.cl\/deporte\/index.php?rest_route=\/wp\/v2\/types\/post"}],"author":[{"embeddable":true,"href":"https:\/\/archivopatrimonial.usach.cl\/deporte\/index.php?rest_route=\/wp\/v2\/users\/1"}],"replies":[{"embeddable":true,"href":"https:\/\/archivopatrimonial.usach.cl\/deporte\/index.php?rest_route=%2Fwp%2Fv2%2Fcomments&post=701"}],"version-history":[{"count":3,"href":"https:\/\/archivopatrimonial.usach.cl\/deporte\/index.php?rest_route=\/wp\/v2\/posts\/701\/revisions"}],"predecessor-version":[{"id":722,"href":"https:\/\/archivopatrimonial.usach.cl\/deporte\/index.php?rest_route=\/wp\/v2\/posts\/701\/revisions\/722"}],"wp:featuredmedia":[{"embeddable":true,"href":"https:\/\/archivopatrimonial.usach.cl\/deporte\/index.php?rest_route=\/wp\/v2\/media\/704"}],"wp:attachment":[{"href":"https:\/\/archivopatrimonial.usach.cl\/deporte\/index.php?rest_route=%2Fwp%2Fv2%2Fmedia&parent=701"}],"wp:term":[{"taxonomy":"category","embeddable":true,"href":"https:\/\/archivopatrimonial.usach.cl\/deporte\/index.php?rest_route=%2Fwp%2Fv2%2Fcategories&post=701"},{"taxonomy":"post_tag","embeddable":true,"href":"https:\/\/archivopatrimonial.usach.cl\/deporte\/index.php?rest_route=%2Fwp%2Fv2%2Ftags&post=701"}],"curies":[{"name":"wp","href":"https:\/\/api.w.org\/{rel}","templated":true}]}}