{"id":705,"date":"2017-09-01T10:13:10","date_gmt":"2017-09-01T13:13:10","guid":{"rendered":"http:\/\/archivopatrimonial.usach.cl\/deporte\/?p=705"},"modified":"2018-05-16T15:02:50","modified_gmt":"2018-05-16T19:02:50","slug":"andinista-claudio-galvez-en-expedicion-volcan-guallatiri","status":"publish","type":"post","link":"https:\/\/archivopatrimonial.usach.cl\/deporte\/?p=705","title":{"rendered":"Expedici\u00f3n Volc\u00e1n Guallatiri"},"content":{"rendered":"<p>Expedici\u00f3n de la Rama de Andinismo de la Universidad de Santiago de Chile a la cumbre del volc\u00e1n Guallatiri de 6063 msnm., uno de los volcanes m\u00e1s activos del norte de Chile.<\/p>\n","protected":false},"excerpt":{"rendered":"<p>Expedici\u00f3n de la Rama de Andinismo de la Universidad de Santiago de Chile a la cumbre del volc\u00e1n Guallatiri de 6063 msnm., uno de los volcanes m\u00e1s activos del norte de Chile.<\/p>\n","protected":false},"author":1,"featured_media":706,"comment_status":"closed","ping_status":"closed","sticky":false,"template":"","format":"video","meta":{"_exactmetrics_skip_tracking":false,"_exactmetrics_sitenote_active":false,"_exactmetrics_sitenote_note":"","_exactmetrics_sitenote_category":0,"_monsterinsights_skip_tracking":false,"_monsterinsights_sitenote_active":false,"_monsterinsights_sitenote_note":"","_monsterinsights_sitenote_category":0,"footnotes":""},"categories":[8],"tags":[],"class_list":["post-705","post","type-post","status-publish","format-video","has-post-thumbnail","hentry","category-audiovisual","post_format-post-format-video"],"_links":{"self":[{"href":"https:\/\/archivopatrimonial.usach.cl\/deporte\/index.php?rest_route=\/wp\/v2\/posts\/705"}],"collection":[{"href":"https:\/\/archivopatrimonial.usach.cl\/deporte\/index.php?rest_route=\/wp\/v2\/posts"}],"about":[{"href":"https:\/\/archivopatrimonial.usach.cl\/deporte\/index.php?rest_route=\/wp\/v2\/types\/post"}],"author":[{"embeddable":true,"href":"https:\/\/archivopatrimonial.usach.cl\/deporte\/index.php?rest_route=\/wp\/v2\/users\/1"}],"replies":[{"embeddable":true,"href":"https:\/\/archivopatrimonial.usach.cl\/deporte\/index.php?rest_route=%2Fwp%2Fv2%2Fcomments&post=705"}],"version-history":[{"count":3,"href":"https:\/\/archivopatrimonial.usach.cl\/deporte\/index.php?rest_route=\/wp\/v2\/posts\/705\/revisions"}],"predecessor-version":[{"id":721,"href":"https:\/\/archivopatrimonial.usach.cl\/deporte\/index.php?rest_route=\/wp\/v2\/posts\/705\/revisions\/721"}],"wp:featuredmedia":[{"embeddable":true,"href":"https:\/\/archivopatrimonial.usach.cl\/deporte\/index.php?rest_route=\/wp\/v2\/media\/706"}],"wp:attachment":[{"href":"https:\/\/archivopatrimonial.usach.cl\/deporte\/index.php?rest_route=%2Fwp%2Fv2%2Fmedia&parent=705"}],"wp:term":[{"taxonomy":"category","embeddable":true,"href":"https:\/\/archivopatrimonial.usach.cl\/deporte\/index.php?rest_route=%2Fwp%2Fv2%2Fcategories&post=705"},{"taxonomy":"post_tag","embeddable":true,"href":"https:\/\/archivopatrimonial.usach.cl\/deporte\/index.php?rest_route=%2Fwp%2Fv2%2Ftags&post=705"}],"curies":[{"name":"wp","href":"https:\/\/api.w.org\/{rel}","templated":true}]}}