{"id":709,"date":"2017-09-01T10:17:35","date_gmt":"2017-09-01T13:17:35","guid":{"rendered":"http:\/\/archivopatrimonial.usach.cl\/deporte\/?p=709"},"modified":"2018-05-16T15:02:19","modified_gmt":"2018-05-16T19:02:19","slug":"andinista-claudio-galvez-en-cumbre-monte-illimani-1990","status":"publish","type":"post","link":"https:\/\/archivopatrimonial.usach.cl\/deporte\/?p=709","title":{"rendered":"Cumbre Monte Illimani, 1990"},"content":{"rendered":"<p>El 31 de julio de 1990, monta\u00f1istas de la rama de andinismo de la Usach realizaron la ascensi\u00f3n al nevado Illimani, el m\u00e1s alto de la Cordillera Real de Bolivia con 6462 msnm. El 7 de agosto a las\u00a0<a class=\"video_time\" data-time=\"780\">13:00<\/a>\u00a0hrs., sus integrantes alcanzaron la cima liderados por el instructor Claudio G\u00e1lvez.<\/p>\n","protected":false},"excerpt":{"rendered":"<p>El 31 de julio de 1990, monta\u00f1istas de la rama de andinismo de la Usach realizaron la ascensi\u00f3n al nevado Illimani, el m\u00e1s alto de la Cordillera Real de Bolivia con 6462 msnm. El 7 de agosto a las\u00a013:00\u00a0hrs., sus integrantes alcanzaron la cima liderados por el instructor Claudio G\u00e1lvez.<\/p>\n","protected":false},"author":1,"featured_media":710,"comment_status":"closed","ping_status":"closed","sticky":false,"template":"","format":"video","meta":{"_exactmetrics_skip_tracking":false,"_exactmetrics_sitenote_active":false,"_exactmetrics_sitenote_note":"","_exactmetrics_sitenote_category":0,"_monsterinsights_skip_tracking":false,"_monsterinsights_sitenote_active":false,"_monsterinsights_sitenote_note":"","_monsterinsights_sitenote_category":0,"footnotes":""},"categories":[8],"tags":[],"class_list":["post-709","post","type-post","status-publish","format-video","has-post-thumbnail","hentry","category-audiovisual","post_format-post-format-video"],"_links":{"self":[{"href":"https:\/\/archivopatrimonial.usach.cl\/deporte\/index.php?rest_route=\/wp\/v2\/posts\/709"}],"collection":[{"href":"https:\/\/archivopatrimonial.usach.cl\/deporte\/index.php?rest_route=\/wp\/v2\/posts"}],"about":[{"href":"https:\/\/archivopatrimonial.usach.cl\/deporte\/index.php?rest_route=\/wp\/v2\/types\/post"}],"author":[{"embeddable":true,"href":"https:\/\/archivopatrimonial.usach.cl\/deporte\/index.php?rest_route=\/wp\/v2\/users\/1"}],"replies":[{"embeddable":true,"href":"https:\/\/archivopatrimonial.usach.cl\/deporte\/index.php?rest_route=%2Fwp%2Fv2%2Fcomments&post=709"}],"version-history":[{"count":3,"href":"https:\/\/archivopatrimonial.usach.cl\/deporte\/index.php?rest_route=\/wp\/v2\/posts\/709\/revisions"}],"predecessor-version":[{"id":720,"href":"https:\/\/archivopatrimonial.usach.cl\/deporte\/index.php?rest_route=\/wp\/v2\/posts\/709\/revisions\/720"}],"wp:featuredmedia":[{"embeddable":true,"href":"https:\/\/archivopatrimonial.usach.cl\/deporte\/index.php?rest_route=\/wp\/v2\/media\/710"}],"wp:attachment":[{"href":"https:\/\/archivopatrimonial.usach.cl\/deporte\/index.php?rest_route=%2Fwp%2Fv2%2Fmedia&parent=709"}],"wp:term":[{"taxonomy":"category","embeddable":true,"href":"https:\/\/archivopatrimonial.usach.cl\/deporte\/index.php?rest_route=%2Fwp%2Fv2%2Fcategories&post=709"},{"taxonomy":"post_tag","embeddable":true,"href":"https:\/\/archivopatrimonial.usach.cl\/deporte\/index.php?rest_route=%2Fwp%2Fv2%2Ftags&post=709"}],"curies":[{"name":"wp","href":"https:\/\/api.w.org\/{rel}","templated":true}]}}