{"id":712,"date":"2017-09-01T10:21:06","date_gmt":"2017-09-01T13:21:06","guid":{"rendered":"http:\/\/archivopatrimonial.usach.cl\/deporte\/?p=712"},"modified":"2018-05-16T15:01:34","modified_gmt":"2018-05-16T19:01:34","slug":"expedicion-soberania-volcan-lautaro-1986","status":"publish","type":"post","link":"https:\/\/archivopatrimonial.usach.cl\/deporte\/?p=712","title":{"rendered":"Expedici\u00f3n Soberan\u00eda Volc\u00e1n Lautaro, 1986"},"content":{"rendered":"<p>Primera expedici\u00f3n nacional en llegar a uno de los volcanes m\u00e1s australes del mundo, el volc\u00e1n Lautaro de 3380 msnm., ubicado en Campos de Hielo Sur en la Patagonia chilena. El 10 de febrero de 1986 y luego de 45 d\u00edas de traves\u00eda, los monta\u00f1istas Mil\u00e1n Munjin, Patricio Jara, Ram\u00f3n Labb\u00e9, Gonzalo Chauriye y Claudio G\u00e1lvez hicieron cumbre en uno de los macizos m\u00e1s imponentes de la Patagonia americana.<\/p>\n","protected":false},"excerpt":{"rendered":"<p>Primera expedici\u00f3n nacional en llegar a uno de los volcanes m\u00e1s australes del mundo, el volc\u00e1n Lautaro de 3380 msnm., ubicado en Campos de Hielo Sur en la Patagonia chilena. El 10 de febrero de 1986 y luego de 45 d\u00edas de traves\u00eda, los monta\u00f1istas Mil\u00e1n Munjin, Patricio Jara, Ram\u00f3n Labb\u00e9, Gonzalo Chauriye y Claudio [&hellip;]<\/p>\n","protected":false},"author":1,"featured_media":714,"comment_status":"closed","ping_status":"closed","sticky":false,"template":"","format":"video","meta":{"_exactmetrics_skip_tracking":false,"_exactmetrics_sitenote_active":false,"_exactmetrics_sitenote_note":"","_exactmetrics_sitenote_category":0,"_monsterinsights_skip_tracking":false,"_monsterinsights_sitenote_active":false,"_monsterinsights_sitenote_note":"","_monsterinsights_sitenote_category":0,"footnotes":""},"categories":[8],"tags":[],"class_list":["post-712","post","type-post","status-publish","format-video","has-post-thumbnail","hentry","category-audiovisual","post_format-post-format-video"],"_links":{"self":[{"href":"https:\/\/archivopatrimonial.usach.cl\/deporte\/index.php?rest_route=\/wp\/v2\/posts\/712"}],"collection":[{"href":"https:\/\/archivopatrimonial.usach.cl\/deporte\/index.php?rest_route=\/wp\/v2\/posts"}],"about":[{"href":"https:\/\/archivopatrimonial.usach.cl\/deporte\/index.php?rest_route=\/wp\/v2\/types\/post"}],"author":[{"embeddable":true,"href":"https:\/\/archivopatrimonial.usach.cl\/deporte\/index.php?rest_route=\/wp\/v2\/users\/1"}],"replies":[{"embeddable":true,"href":"https:\/\/archivopatrimonial.usach.cl\/deporte\/index.php?rest_route=%2Fwp%2Fv2%2Fcomments&post=712"}],"version-history":[{"count":2,"href":"https:\/\/archivopatrimonial.usach.cl\/deporte\/index.php?rest_route=\/wp\/v2\/posts\/712\/revisions"}],"predecessor-version":[{"id":716,"href":"https:\/\/archivopatrimonial.usach.cl\/deporte\/index.php?rest_route=\/wp\/v2\/posts\/712\/revisions\/716"}],"wp:featuredmedia":[{"embeddable":true,"href":"https:\/\/archivopatrimonial.usach.cl\/deporte\/index.php?rest_route=\/wp\/v2\/media\/714"}],"wp:attachment":[{"href":"https:\/\/archivopatrimonial.usach.cl\/deporte\/index.php?rest_route=%2Fwp%2Fv2%2Fmedia&parent=712"}],"wp:term":[{"taxonomy":"category","embeddable":true,"href":"https:\/\/archivopatrimonial.usach.cl\/deporte\/index.php?rest_route=%2Fwp%2Fv2%2Fcategories&post=712"},{"taxonomy":"post_tag","embeddable":true,"href":"https:\/\/archivopatrimonial.usach.cl\/deporte\/index.php?rest_route=%2Fwp%2Fv2%2Ftags&post=712"}],"curies":[{"name":"wp","href":"https:\/\/api.w.org\/{rel}","templated":true}]}}