{"id":150,"date":"2016-10-04T13:03:00","date_gmt":"2016-10-04T16:03:00","guid":{"rendered":"http:\/\/archivopatrimonial.usach.cl\/dictadura\/?p=150"},"modified":"2018-03-26T12:52:35","modified_gmt":"2018-03-26T15:52:35","slug":"visita-presidencial-1975","status":"publish","type":"post","link":"https:\/\/archivopatrimonial.usach.cl\/dictadura\/?p=150","title":{"rendered":"Visita Presidencial. 1975"},"content":{"rendered":"<p style=\"text-align: justify;\">Realizada por Hern\u00e1n Garrido en 1975, es un documental de 13 minutos que registra la visita del Presidente de la Junta Militar de Gobierno al campus de la Universidad T\u00e9cnica del Estado. En dicha ocasi\u00f3n se inauguran el Centro de Computaci\u00f3n y el Centro de Salud de esta Casa de Estudios.<\/p>\n<p style=\"text-align: justify;\">Todos los derechos reservados. Cualquier uso de este material debe ser previamente autorizado por el Archivo Patrimonial U. de Santiago de Chile.<\/p>\n","protected":false},"excerpt":{"rendered":"<p>Realizada por Hern\u00e1n Garrido en 1975, es un documental de 13 minutos que registra la visita del Presidente de la Junta Militar de Gobierno al campus de la Universidad T\u00e9cnica del Estado. En dicha ocasi\u00f3n se inauguran el Centro de Computaci\u00f3n y el Centro de Salud de esta Casa de Estudios. Todos los derechos reservados. [&hellip;]<\/p>\n","protected":false},"author":1,"featured_media":839,"comment_status":"open","ping_status":"open","sticky":false,"template":"","format":"video","meta":{"_exactmetrics_skip_tracking":false,"_exactmetrics_sitenote_active":false,"_exactmetrics_sitenote_note":"","_exactmetrics_sitenote_category":0,"footnotes":""},"categories":[8],"tags":[41,35,42,37,40],"class_list":["post-150","post","type-post","status-publish","format-video","has-post-thumbnail","hentry","category-audiovisual","tag-41","tag-actos-oficiales","tag-augusto-pinochet","tag-derechos-humanos-y-memoria","tag-dictadura","post_format-post-format-video"],"_links":{"self":[{"href":"https:\/\/archivopatrimonial.usach.cl\/dictadura\/index.php?rest_route=\/wp\/v2\/posts\/150"}],"collection":[{"href":"https:\/\/archivopatrimonial.usach.cl\/dictadura\/index.php?rest_route=\/wp\/v2\/posts"}],"about":[{"href":"https:\/\/archivopatrimonial.usach.cl\/dictadura\/index.php?rest_route=\/wp\/v2\/types\/post"}],"author":[{"embeddable":true,"href":"https:\/\/archivopatrimonial.usach.cl\/dictadura\/index.php?rest_route=\/wp\/v2\/users\/1"}],"replies":[{"embeddable":true,"href":"https:\/\/archivopatrimonial.usach.cl\/dictadura\/index.php?rest_route=%2Fwp%2Fv2%2Fcomments&post=150"}],"version-history":[{"count":1,"href":"https:\/\/archivopatrimonial.usach.cl\/dictadura\/index.php?rest_route=\/wp\/v2\/posts\/150\/revisions"}],"predecessor-version":[{"id":151,"href":"https:\/\/archivopatrimonial.usach.cl\/dictadura\/index.php?rest_route=\/wp\/v2\/posts\/150\/revisions\/151"}],"wp:featuredmedia":[{"embeddable":true,"href":"https:\/\/archivopatrimonial.usach.cl\/dictadura\/index.php?rest_route=\/wp\/v2\/media\/839"}],"wp:attachment":[{"href":"https:\/\/archivopatrimonial.usach.cl\/dictadura\/index.php?rest_route=%2Fwp%2Fv2%2Fmedia&parent=150"}],"wp:term":[{"taxonomy":"category","embeddable":true,"href":"https:\/\/archivopatrimonial.usach.cl\/dictadura\/index.php?rest_route=%2Fwp%2Fv2%2Fcategories&post=150"},{"taxonomy":"post_tag","embeddable":true,"href":"https:\/\/archivopatrimonial.usach.cl\/dictadura\/index.php?rest_route=%2Fwp%2Fv2%2Ftags&post=150"}],"curies":[{"name":"wp","href":"https:\/\/api.w.org\/{rel}","templated":true}]}}